{"id":12714,"date":"2022-12-01T17:27:14","date_gmt":"2022-12-01T22:27:14","guid":{"rendered":"https:\/\/theprogressives.ca\/?p=12714"},"modified":"2023-12-12T15:28:36","modified_gmt":"2023-12-12T20:28:36","slug":"periode-des-questions-ministerielle-la-securite-des-femmes-et-des-filles-autochtones-2","status":"publish","type":"post","link":"https:\/\/theprogressives.ca\/fr\/au-senat\/periode-de-questions\/periode-des-questions-ministerielle-la-securite-des-femmes-et-des-filles-autochtones-2\/","title":{"rendered":"P\u00e9riode des questions minist\u00e9rielle : La s\u00e9curit\u00e9 des femmes et des filles autochtones"},"content":{"rendered":"<p><iframe title=\"La s\u00e9natrice Gerba interroge la min Hutchings sur la s\u00e9curit\u00e9 des femmes et des filles autochtones\" width=\"640\" height=\"360\" data-src=\"https:\/\/www.youtube.com\/embed\/rO9AEUPDHpg?feature=oembed\" frameborder=\"0\" allow=\"accelerometer; autoplay; clipboard-write; encrypted-media; gyroscope; picture-in-picture; web-share\" allowfullscreen src=\"data:image\/svg+xml;base64,PHN2ZyB3aWR0aD0iMSIgaGVpZ2h0PSIxIiB4bWxucz0iaHR0cDovL3d3dy53My5vcmcvMjAwMC9zdmciPjwvc3ZnPg==\" class=\"lazyload\" data-load-mode=\"1\"><\/iframe><\/p>\n<p><b>L\u2019honorable Amina Gerba :\u00a0<\/b>Bienvenue, madame la ministre. Je vous pose une question au nom de notre coll\u00e8gue la s\u00e9natrice Audette\u00a0:<\/p>\n<p style=\"padding-left: 40px;\">En\u00a0juin\u00a0dernier, le Comit\u00e9 s\u00e9natorial permanent des peuples autochtones rendait public son rapport intitul\u00e9\u00a0<i>Il faut agir pour les FFADA\u00a0: Ce n\u2019est pas juste l\u2019intention qui compte<\/i>.<\/p>\n<p style=\"padding-left: 40px;\">Je rappelle que le gouvernement du Canada a command\u00e9 l\u2019Enqu\u00eate sur les femmes et les filles autochtones disparues et assassin\u00e9es et que les commissaires, accompagn\u00e9s des familles, ont d\u00e9pos\u00e9 leur rapport le 3\u00a0juin\u00a02019. Plusieurs appels \u00e0 la justice, tels que 4.1 et 4.6, demandent que le gouvernement d\u00e9ploie des efforts de construction et de r\u00e9novation afin que les femmes et les filles autochtones aient acc\u00e8s \u00e0 des logements s\u00e9curitaires adapt\u00e9s aux besoins g\u00e9ographiques et culturels, \u00e0 l\u2019endroit o\u00f9 elles r\u00e9sident, que ce soit dans une communaut\u00e9 urbaine, rurale ou \u00e9loign\u00e9e.<\/p>\n<p style=\"padding-left: 40px;\">Qu\u2019avez-vous fait, en ce sens, madame la ministre, pour assurer un environnement s\u00e9curitaire pour les femmes et les filles autochtones?<\/p>\n<p><b>L\u2019honorable Gudie Hutchings, c.p., d\u00e9put\u00e9e, ministre du D\u00e9veloppement \u00e9conomique rural :\u00a0<\/b>Je vous remercie de cette question, madame la s\u00e9natrice.<\/p>\n<p>Cette semaine co\u00efncidant avec les 16 jours d\u2019activisme contre la violence fond\u00e9e sur le sexe\u00a0: les femmes et les filles autochtones disparues et assassin\u00e9es et les personnes LGBTQ2S+, la question tombe \u00e0 point. D\u2019ailleurs, ce matin, j\u2019ai fait une annonce au nom de la ministre Ien, qui est responsable des Femmes et de l\u2019\u00c9galit\u00e9 des genres et de la Jeunesse. L\u2019annonce portait sur des programmes autochtones pour les femmes en milieu rural.<\/p>\n<p>Le probl\u00e8me du logement est succinct, et la situation est terrible dans l\u2019ensemble du Canada rural, en particulier pour les Autochtones. Je peux vous dire que des fonds sont r\u00e9serv\u00e9s \u00e0 cette fin dans le cadre de l\u2019initiative du ministre Hussein en mati\u00e8re de logement pour les Autochtones, et nous devons faire aboutir cette d\u00e9marche. Nous avons particuli\u00e8rement besoin de plus de refuges dans les collectivit\u00e9s rurales, \u00e9loign\u00e9es ou autochtones.<\/p>\n<p>Il faut tenir compte de tous les aspects, y compris du transport en commun. Si une personne se retrouve dans une relation de violence, comment peut-elle s\u2019en sortir? Il y a la connectivit\u00e9 aussi. Au printemps dernier, j\u2019ai eu le b\u00e9n\u00e9fice de visiter la route des pleurs, un tron\u00e7on de route en Colombie-Britannique o\u00f9 tant de jeunes filles autochtones disparaissent. On a constat\u00e9 que ce secteur \u00e9tait connu parce qu\u2019on y cible les femmes et les jeunes filles autochtones. Par cons\u00e9quent, le gouvernement f\u00e9d\u00e9ral, en partenariat avec le gouvernement provincial et Rogers Communications, a fait en sorte que ce tron\u00e7on de route soit dor\u00e9navant desservi par un service de t\u00e9l\u00e9phonie cellulaire. La situation \u00e9tait terrible.<\/p>\n<p>Les partenariats fonctionneront. Ils fonctionneront en mati\u00e8re de logement et ils permettront de rem\u00e9dier \u00e0 ce terrible probl\u00e8me que nous devons tous tenter de r\u00e9gler.<\/p>\n<p>&nbsp;<\/p>\n","protected":false},"excerpt":{"rendered":"<p>L\u2019honorable Amina Gerba :\u00a0Bienvenue, madame la ministre. Je vous pose une question au nom de notre coll\u00e8gue la s\u00e9natrice Audette\u00a0: En\u00a0juin\u00a0dernier, le Comit\u00e9 s\u00e9natorial permanent des peuples autochtones rendait public son rapport intitul\u00e9\u00a0Il faut agir pour les FFADA\u00a0: Ce n\u2019est pas juste l\u2019intention qui compte. Je rappelle que le gouvernement du Canada a command\u00e9 l\u2019Enqu\u00eate&#8230;<\/p>\n","protected":false},"author":3,"featured_media":1930,"comment_status":"closed","ping_status":"closed","sticky":false,"template":"","format":"standard","meta":{"_acf_changed":false,"wds_primary_category":97,"footnotes":""},"categories":[97],"tags":[],"senator_posts":[117],"class_list":["post-12714","post","type-post","status-publish","format-standard","has-post-thumbnail","hentry","category-periode-de-questions","senator_posts-l-hon-amina-gerba"],"acf":[],"_links":{"self":[{"href":"https:\/\/theprogressives.ca\/fr\/wp-json\/wp\/v2\/posts\/12714","targetHints":{"allow":["GET"]}}],"collection":[{"href":"https:\/\/theprogressives.ca\/fr\/wp-json\/wp\/v2\/posts"}],"about":[{"href":"https:\/\/theprogressives.ca\/fr\/wp-json\/wp\/v2\/types\/post"}],"author":[{"embeddable":true,"href":"https:\/\/theprogressives.ca\/fr\/wp-json\/wp\/v2\/users\/3"}],"replies":[{"embeddable":true,"href":"https:\/\/theprogressives.ca\/fr\/wp-json\/wp\/v2\/comments?post=12714"}],"version-history":[{"count":0,"href":"https:\/\/theprogressives.ca\/fr\/wp-json\/wp\/v2\/posts\/12714\/revisions"}],"wp:featuredmedia":[{"embeddable":true,"href":"https:\/\/theprogressives.ca\/fr\/wp-json\/wp\/v2\/media\/1930"}],"wp:attachment":[{"href":"https:\/\/theprogressives.ca\/fr\/wp-json\/wp\/v2\/media?parent=12714"}],"wp:term":[{"taxonomy":"category","embeddable":true,"href":"https:\/\/theprogressives.ca\/fr\/wp-json\/wp\/v2\/categories?post=12714"},{"taxonomy":"post_tag","embeddable":true,"href":"https:\/\/theprogressives.ca\/fr\/wp-json\/wp\/v2\/tags?post=12714"},{"taxonomy":"senator_posts","embeddable":true,"href":"https:\/\/theprogressives.ca\/fr\/wp-json\/wp\/v2\/senator_posts?post=12714"}],"curies":[{"name":"wp","href":"https:\/\/api.w.org\/{rel}","templated":true}]}}