{"id":12635,"date":"2022-11-24T14:38:34","date_gmt":"2022-11-24T19:38:34","guid":{"rendered":"https:\/\/theprogressives.ca\/?p=12635"},"modified":"2022-11-25T14:39:10","modified_gmt":"2022-11-25T19:39:10","slug":"periode-des-questions-ministerielle-le-degre-de-preparation-au-numerique","status":"publish","type":"post","link":"https:\/\/theprogressives.ca\/fr\/au-senat\/periode-de-questions\/periode-des-questions-ministerielle-le-degre-de-preparation-au-numerique\/","title":{"rendered":"P\u00e9riode des questions minist\u00e9rielle : Le degr\u00e9 de pr\u00e9paration au num\u00e9rique"},"content":{"rendered":"<p><iframe title=\"Le s\u00e9nateur Klyne interroge la ministre Hajdu sur le degr\u00e9 de pr\u00e9paration au num\u00e9rique - 24 nov (FR)\" width=\"640\" height=\"360\" data-src=\"https:\/\/www.youtube.com\/embed\/wkj6PXUdOT4?feature=oembed\" frameborder=\"0\" allow=\"accelerometer; autoplay; clipboard-write; encrypted-media; gyroscope; picture-in-picture\" allowfullscreen src=\"data:image\/svg+xml;base64,PHN2ZyB3aWR0aD0iMSIgaGVpZ2h0PSIxIiB4bWxucz0iaHR0cDovL3d3dy53My5vcmcvMjAwMC9zdmciPjwvc3ZnPg==\" class=\"lazyload\" data-load-mode=\"1\"><\/iframe><\/p>\n<p><b>L\u2019honorable Marty Klyne :\u00a0<\/b>Madame la ministre, ma question porte sur la transformation num\u00e9rique ainsi que sur la mobilisation et la pr\u00e9paration des jeunes adultes vivant au nord du 55<sup>e<\/sup>\u00a0parall\u00e8le pour leur permettre de se tailler une place dans la nouvelle \u00e9conomie.<\/p>\n<p>Comme vous le savez, Innovation, Sciences et D\u00e9veloppement \u00e9conomique Canada travaille d\u2019arrache-pied pour connecter tous les foyers et toutes les entreprises des collectivit\u00e9s rurales, \u00e9loign\u00e9es et des communaut\u00e9s autochtones \u00e0 un service Internet d\u2019une vitesse de 50\/10 m\u00e9gaoctets par seconde.<\/p>\n<p>Madame la ministre, quel est le niveau de comp\u00e9tence num\u00e9rique, de formation et de pr\u00e9paration des adultes autochtones en \u00e2ge de travailler? Sont-ils en mesure de participer \u00e0 la nouvelle \u00e9conomie? Quels efforts sont entrepris pour combler les lacunes \u00e9ventuelles \u00e0 ce chapitre avant qu\u2019elles ne se creusent?<\/p>\n<p><b>L\u2019honorable Patty Hajdu, c.p., d\u00e9put\u00e9e, ministre des Services aux Autochtones et ministre responsable de l\u2019Agence f\u00e9d\u00e9rale de d\u00e9veloppement \u00e9conomique pour le Nord de l\u2019Ontario :\u00a0<\/b>Merci. Le s\u00e9nateur soul\u00e8ve une question complexe qui comporte de nombreuses variables.<\/p>\n<p>En ce qui concerne la capacit\u00e9 des communaut\u00e9s et notre capacit\u00e9, en tant que gouvernement, \u00e0 combler le foss\u00e9 num\u00e9rique, je dirai que nous avons fait des investissements historiques dans les r\u00e9seaux \u00e0 large bande. Nous devons, encore une fois, travailler avec nos partenaires pour arriver \u00e0 nos fins.<\/p>\n<p>Par exemple, dans le nord de l\u2019Ontario, d\u2019o\u00f9 je viens, le gouvernement f\u00e9d\u00e9ral n\u2019a pas sa propre entreprise de services \u00e0 large bande qui permettrait de tout simplement brancher les foyers. Nous devons dans certains cas travailler avec des fournisseurs r\u00e9gionaux et, dans d\u2019autres cas, avec des fournisseurs provinciaux. Franchement, je pense que nous devons tous nous efforcer de pousser ces fournisseurs r\u00e9gionaux et provinciaux \u00e0 envisager une approche \u00e9quitable \u00e0 l\u2019\u00e9gard des communaut\u00e9s autochtones et \u00e9loign\u00e9es.<\/p>\n<p>La conversation peut s\u2019av\u00e9rer difficile lorsque bon nombre de ces fournisseurs envisagent la question sous l\u2019angle des revenus et de la faisabilit\u00e9 \u00e9conomique plut\u00f4t que de l\u2019\u00e9quit\u00e9. C\u2019est \u00e0 cet \u00e9gard que j\u2019esp\u00e8re voir les investissements du f\u00e9d\u00e9ral contribuer \u00e0 combler ce foss\u00e9.<\/p>\n<p>Vous avez raison. L\u2019acc\u00e8s au monde num\u00e9rique est un \u00e9l\u00e9ment essentiel, non seulement pour l\u2019\u00e9ducation, mais aussi pour les soins de sant\u00e9 et la capacit\u00e9 \u00e9conomique. Bon nombre de collectivit\u00e9s d\u00e9veloppent elles-m\u00eames leur potentiel \u00e9conomique et ont besoin d\u2019un acc\u00e8s \u00e0 Internet haute vitesse et \u00e0 des services \u00e0 large bande pour pouvoir commercialiser leurs biens et services. Nous allons poursuivre nos efforts en collaboration avec nos partenaires provinciaux, territoriaux et r\u00e9gionaux.<\/p>\n","protected":false},"excerpt":{"rendered":"<p>L\u2019honorable Marty Klyne :\u00a0Madame la ministre, ma question porte sur la transformation num\u00e9rique ainsi que sur la mobilisation et la pr\u00e9paration des jeunes adultes vivant au nord du 55e\u00a0parall\u00e8le pour leur permettre de se tailler une place dans la nouvelle \u00e9conomie. Comme vous le savez, Innovation, Sciences et D\u00e9veloppement \u00e9conomique Canada travaille d\u2019arrache-pied pour connecter&#8230;<\/p>\n","protected":false},"author":3,"featured_media":1966,"comment_status":"closed","ping_status":"closed","sticky":false,"template":"","format":"standard","meta":{"_acf_changed":false,"wds_primary_category":97,"footnotes":""},"categories":[97],"tags":[],"senator_posts":[34],"class_list":["post-12635","post","type-post","status-publish","format-standard","has-post-thumbnail","hentry","category-periode-de-questions","senator_posts-l-hon-marty-klyne"],"acf":[],"_links":{"self":[{"href":"https:\/\/theprogressives.ca\/fr\/wp-json\/wp\/v2\/posts\/12635","targetHints":{"allow":["GET"]}}],"collection":[{"href":"https:\/\/theprogressives.ca\/fr\/wp-json\/wp\/v2\/posts"}],"about":[{"href":"https:\/\/theprogressives.ca\/fr\/wp-json\/wp\/v2\/types\/post"}],"author":[{"embeddable":true,"href":"https:\/\/theprogressives.ca\/fr\/wp-json\/wp\/v2\/users\/3"}],"replies":[{"embeddable":true,"href":"https:\/\/theprogressives.ca\/fr\/wp-json\/wp\/v2\/comments?post=12635"}],"version-history":[{"count":0,"href":"https:\/\/theprogressives.ca\/fr\/wp-json\/wp\/v2\/posts\/12635\/revisions"}],"wp:featuredmedia":[{"embeddable":true,"href":"https:\/\/theprogressives.ca\/fr\/wp-json\/wp\/v2\/media\/1966"}],"wp:attachment":[{"href":"https:\/\/theprogressives.ca\/fr\/wp-json\/wp\/v2\/media?parent=12635"}],"wp:term":[{"taxonomy":"category","embeddable":true,"href":"https:\/\/theprogressives.ca\/fr\/wp-json\/wp\/v2\/categories?post=12635"},{"taxonomy":"post_tag","embeddable":true,"href":"https:\/\/theprogressives.ca\/fr\/wp-json\/wp\/v2\/tags?post=12635"},{"taxonomy":"senator_posts","embeddable":true,"href":"https:\/\/theprogressives.ca\/fr\/wp-json\/wp\/v2\/senator_posts?post=12635"}],"curies":[{"name":"wp","href":"https:\/\/api.w.org\/{rel}","templated":true}]}}