{"id":12623,"date":"2022-11-24T09:50:37","date_gmt":"2022-11-24T14:50:37","guid":{"rendered":"https:\/\/theprogressives.ca\/?p=12623"},"modified":"2024-01-30T11:49:23","modified_gmt":"2024-01-30T16:49:23","slug":"jayden-paquet-noiseux","status":"publish","type":"post","link":"https:\/\/theprogressives.ca\/fr\/au-senat\/declarations\/jayden-paquet-noiseux\/","title":{"rendered":"Jayden Paquet-Noiseux"},"content":{"rendered":"<p><iframe title=\"La s\u00e9natrice Audette parle de Jayden Paquet-Noiseux - 24 novembre 2022 (source fran\u00e7aise)\" width=\"640\" height=\"360\" data-src=\"https:\/\/www.youtube.com\/embed\/teJI3VAQAdM?feature=oembed\" frameborder=\"0\" allow=\"accelerometer; autoplay; clipboard-write; encrypted-media; gyroscope; picture-in-picture; web-share\" allowfullscreen src=\"data:image\/svg+xml;base64,PHN2ZyB3aWR0aD0iMSIgaGVpZ2h0PSIxIiB4bWxucz0iaHR0cDovL3d3dy53My5vcmcvMjAwMC9zdmciPjwvc3ZnPg==\" class=\"lazyload\" data-load-mode=\"1\"><\/iframe><\/p>\n<p><b>L\u2019honorable Mich\u00e8le Audette :\u00a0<\/b>Bonjour, honorables s\u00e9nateurs.<\/p>\n[<i>Note de la r\u00e9daction\u00a0:\u00a0<\/i><i>La s\u00e9natrice\u00a0<\/i><i>Audette s\u2019exprime en innu<\/i>.]\n<p>Chers coll\u00e8gues, je prends la parole aujourd\u2019hui pour vous pr\u00e9senter mon jeune invit\u00e9. Je croyais qu\u2019il avait 18\u00a0ans lorsque je l\u2019ai rencontr\u00e9, mais non, il n\u2019a que 16\u00a0ans.<\/p>\n<p>J\u2019ai fait sa connaissance le 15\u00a0juillet\u00a0dernier, lors d\u2019une rencontre sur la s\u00e9curit\u00e9 en ligne qui s\u2019est tenue \u00e0 Qu\u00e9bec. Je l\u2019ai \u00e9cout\u00e9\u00a0\u2014 quel bonheur\u00a0\u2014, mais j\u2019ai surtout eu l\u2019honneur de faire sa connaissance.<\/p>\n<p>Jayden Paquet-Noiseux participait \u00e0 cette rencontre \u00e0 titre de porte-parole de l\u2019organisme Les enfants d\u2019abord Canada. J\u2019ai pu entendre ses propos et admirer son leadership. Sa contribution \u00e0 la rencontre n\u2019a pas seulement \u00e9t\u00e9 remarqu\u00e9e par moi, mais aussi par d\u2019autres adultes, d\u2019autres mamans, d\u2019autres\u00a0<i>kokum<\/i>. Je me suis dit alors\u00a0: \u00ab Wow! Il ira loin, ce jeune homme! \u00bb<\/p>\n<p>J\u2019ai \u00e9t\u00e9 tellement impressionn\u00e9e que je lui ai lanc\u00e9 l\u2019invitation, comme je le fais chaque fois que je visite une \u00e9cole primaire ou secondaire ou un \u00e9tablissement coll\u00e9gial, \u00e0 venir nous rencontrer au S\u00e9nat du Canada, puisque c\u2019est aussi leur maison.<\/p>\n<p>Le 8\u00a0septembre\u00a0dernier, c\u2019est arriv\u00e9; Jayden m\u2019a demand\u00e9 par courriel s\u2019il pouvait faire un stage avec moi. \u00c9videmment, j\u2019ai accept\u00e9.<\/p>\n<p>J\u2019\u00e9tais contente de savoir qu\u2019\u00e0 16\u00a0ans\u00a0\u2014 il est en 11<sup>e<\/sup>\u00a0ann\u00e9e ou en secondaire 5\u00a0\u2014, il \u00e9tait d\u00e9j\u00e0 impliqu\u00e9, tr\u00e8s impliqu\u00e9. Il s\u2019implique dans sa communaut\u00e9. Il s\u2019implique \u00e0 titre de membre de l\u2019organisme Les enfants d\u2019abord Canada, ou en anglais Children First Canada, et il a aussi \u00e9t\u00e9 membre du Parlement des jeunes Canadiens et du Conseil consultatif national des jeunes.<\/p>\n<p>Enfin, il a eu l\u2019occasion de pr\u00e9senter et de d\u00e9battre de projets de loi, alors que je n\u2019en ai pas encore eu l\u2019occasion. Bravo! Il a d\u00e9battu d\u2019un projet de loi sur la sant\u00e9 mentale et a fait quelques apparitions dans les m\u00e9dias, comme CBC Kids News, Radio-Canada et d\u2019autres. Il a aussi occup\u00e9 la fonction de coordonnateur des services bilingues pour l\u2019organisation Les enfants d\u2019abord Canada.<\/p>\n<p>Je remercie notre coll\u00e8gue la s\u00e9natrice Moodie, car Jayden a particip\u00e9 \u00e0 la table ronde qu\u2019elle a organis\u00e9e il n\u2019y a pas tr\u00e8s longtemps.<\/p>\n<p>Devinez quoi? Jayden viendra \u00e9tudier \u00e0 l\u2019Universit\u00e9 d\u2019Ottawa. Jayden, j\u2019esp\u00e8re que nous aurons le privil\u00e8ge de te revoir et je te souhaite bonne chance dans tes \u00e9tudes en sciences politiques et communications.<\/p>\n<p>J\u2019esp\u00e8re, comme moi qui voulais tant devenir s\u00e9natrice quand j\u2019\u00e9tais jeune, te voir ici un jour.\u00a0<i>Tshinashkumitnau<\/i>.<\/p>\n<p><b>Des voix :\u00a0<\/b>Bravo!<\/p>\n","protected":false},"excerpt":{"rendered":"<p>L\u2019honorable Mich\u00e8le Audette :\u00a0Bonjour, honorables s\u00e9nateurs. [Note de la r\u00e9daction\u00a0:\u00a0La s\u00e9natrice\u00a0Audette s\u2019exprime en innu.] Chers coll\u00e8gues, je prends la parole aujourd\u2019hui pour vous pr\u00e9senter mon jeune invit\u00e9. Je croyais qu\u2019il avait 18\u00a0ans lorsque je l\u2019ai rencontr\u00e9, mais non, il n\u2019a que 16\u00a0ans. J\u2019ai fait sa connaissance le 15\u00a0juillet\u00a0dernier, lors d\u2019une rencontre sur la s\u00e9curit\u00e9 en&#8230;<\/p>\n","protected":false},"author":3,"featured_media":1946,"comment_status":"closed","ping_status":"closed","sticky":false,"template":"","format":"standard","meta":{"_acf_changed":false,"wds_primary_category":99,"footnotes":""},"categories":[99],"tags":[],"senator_posts":[172],"class_list":["post-12623","post","type-post","status-publish","format-standard","has-post-thumbnail","hentry","category-declarations","senator_posts-l-hon-michele-audette"],"acf":[],"_links":{"self":[{"href":"https:\/\/theprogressives.ca\/fr\/wp-json\/wp\/v2\/posts\/12623","targetHints":{"allow":["GET"]}}],"collection":[{"href":"https:\/\/theprogressives.ca\/fr\/wp-json\/wp\/v2\/posts"}],"about":[{"href":"https:\/\/theprogressives.ca\/fr\/wp-json\/wp\/v2\/types\/post"}],"author":[{"embeddable":true,"href":"https:\/\/theprogressives.ca\/fr\/wp-json\/wp\/v2\/users\/3"}],"replies":[{"embeddable":true,"href":"https:\/\/theprogressives.ca\/fr\/wp-json\/wp\/v2\/comments?post=12623"}],"version-history":[{"count":0,"href":"https:\/\/theprogressives.ca\/fr\/wp-json\/wp\/v2\/posts\/12623\/revisions"}],"wp:featuredmedia":[{"embeddable":true,"href":"https:\/\/theprogressives.ca\/fr\/wp-json\/wp\/v2\/media\/1946"}],"wp:attachment":[{"href":"https:\/\/theprogressives.ca\/fr\/wp-json\/wp\/v2\/media?parent=12623"}],"wp:term":[{"taxonomy":"category","embeddable":true,"href":"https:\/\/theprogressives.ca\/fr\/wp-json\/wp\/v2\/categories?post=12623"},{"taxonomy":"post_tag","embeddable":true,"href":"https:\/\/theprogressives.ca\/fr\/wp-json\/wp\/v2\/tags?post=12623"},{"taxonomy":"senator_posts","embeddable":true,"href":"https:\/\/theprogressives.ca\/fr\/wp-json\/wp\/v2\/senator_posts?post=12623"}],"curies":[{"name":"wp","href":"https:\/\/api.w.org\/{rel}","templated":true}]}}