{"id":12573,"date":"2022-11-17T15:17:51","date_gmt":"2022-11-17T20:17:51","guid":{"rendered":"https:\/\/theprogressives.ca\/?p=12573"},"modified":"2022-11-18T15:18:19","modified_gmt":"2022-11-18T20:18:19","slug":"le-deces-de-joseph-hildebrand","status":"publish","type":"post","link":"https:\/\/theprogressives.ca\/fr\/au-senat\/declarations\/le-deces-de-joseph-hildebrand\/","title":{"rendered":"Le d\u00e9c\u00e8s de Joseph Hildebrand"},"content":{"rendered":"<p><iframe title=\"Le s\u00e9nateur Klyne rend hommage au regrett\u00e9 Joseph Hildebrand - 17 novembre 2022 (source fran\u00e7aise)\" width=\"640\" height=\"360\" data-src=\"https:\/\/www.youtube.com\/embed\/nnxGP4T2bTs?feature=oembed\" frameborder=\"0\" allow=\"accelerometer; autoplay; clipboard-write; encrypted-media; gyroscope; picture-in-picture\" allowfullscreen src=\"data:image\/svg+xml;base64,PHN2ZyB3aWR0aD0iMSIgaGVpZ2h0PSIxIiB4bWxucz0iaHR0cDovL3d3dy53My5vcmcvMjAwMC9zdmciPjwvc3ZnPg==\" class=\"lazyload\" data-load-mode=\"1\"><\/iframe><\/p>\n<p><b>L\u2019honorable Marty Klyne :\u00a0<\/b>Honorables s\u00e9nateurs, je prends la parole pour rendre hommage \u00e0 Joseph Hildebrand, un soldat, un \u00e9leveur de b\u00e9tail et un p\u00e8re de famille de la Saskatchewan qui a \u00e9t\u00e9 tu\u00e9 en combattant pour la libert\u00e9 en Ukraine.<\/p>\n<p>Joseph est mort en aidant \u00e0 r\u00e9cup\u00e9rer des bless\u00e9s pr\u00e8s de la ville ukrainienne de Bakhmut, un point chaud des combats dans l\u2019Est de l\u2019Ukraine. Pour lui, cependant, ce n\u2019\u00e9tait pas une mission ordinaire, et Joseph n\u2019\u00e9tait pas non plus un soldat ordinaire. C\u2019\u00e9tait un volontaire, un homme qui a choisi de son plein gr\u00e9 de partir \u00e0 l\u2019\u00e9tranger et de se mettre en danger en se joignant au combat afin de rester fid\u00e8le \u00e0 ses convictions et d\u2019aider les autres.<\/p>\n<p>\u00catre soldat \u00e9tait la vocation de Joseph. Peu apr\u00e8s l\u2019\u00e9cole secondaire, il a servi deux fois en Afghanistan, o\u00f9 il a particip\u00e9 \u00e0 des combats et \u00e0 la formation des forces afghanes. \u00c0 son retour, il a travaill\u00e9 comme \u00e9leveur de b\u00e9tail et a fond\u00e9 une famille qu\u2019il aimait tendrement. Joseph \u00e9tait un vrai gar\u00e7on de la campagne. Il aimait son foyer, mais il a toujours \u00e9t\u00e9 un soldat dans l\u2019\u00e2me. C\u2019est peut-\u00eatre difficile \u00e0 croire, mais Joseph n\u2019en \u00e9tait pas \u00e0 son premier effort pour servir outre-mer sur une base volontaire. Il s\u2019\u00e9tait d\u00e9j\u00e0 donn\u00e9 beaucoup de mal pour se joindre \u00e0 la bataille en Syrie lorsqu\u2019un conflit y a \u00e9clat\u00e9 il y a quelques ann\u00e9es.<\/p>\n<p>Aux dires des membres de sa famille, le d\u00e9sir de Joseph de servir dans les forces arm\u00e9es \u00e9tait \u00ab une d\u00e9mangeaison qu\u2019il ne parvenait pas \u00e0 gratter \u00bb en travaillant dans la vie civile. Lorsque la guerre en Ukraine a \u00e9clat\u00e9, il s\u2019est senti oblig\u00e9 de faire sa part. \u00c0 ses yeux, il ne s\u2019agissait pas d\u2019un choix\u00a0: il devait aller l\u00e0-bas. Joseph savait qu\u2019il faisait ce qui est juste en allant en Ukraine, et ce m\u00eame s\u2019il savait qu\u2019il mettait sa vie en danger.<\/p>\n<p>Comme les s\u00e9nateurs le savent, m\u00eame si le Canada a offert une aide militaire \u00e0 l\u2019Ukraine sous la forme de mat\u00e9riel et d\u2019entra\u00eenement, notre pays n\u2019a pas pris une part active aux combats. Pourtant, un petit groupe de courageux Canadiens ont d\u00e9cid\u00e9 de se rendre l\u00e0-bas, et Joseph en faisait partie. Son souvenir est un hommage \u00e0 ceux qui ont donn\u00e9 leur vie dans la lutte incessante pour la libert\u00e9.<\/p>\n<p>Joseph Hildebrand a v\u00e9cu et est mort en servant autrui. Nous n\u2019oublierons jamais son sacrifice. Nous sommes de tout c\u0153ur avec sa famille et ses amis dans cette p\u00e9riode difficile. J\u2019esp\u00e8re qu\u2019ils trouveront un certain r\u00e9confort en sachant qu\u2019il est un h\u00e9ros. Merci.<\/p>\n<p><b>Des voix :\u00a0<\/b>Bravo!<\/p>\n","protected":false},"excerpt":{"rendered":"<p>L\u2019honorable Marty Klyne :\u00a0Honorables s\u00e9nateurs, je prends la parole pour rendre hommage \u00e0 Joseph Hildebrand, un soldat, un \u00e9leveur de b\u00e9tail et un p\u00e8re de famille de la Saskatchewan qui a \u00e9t\u00e9 tu\u00e9 en combattant pour la libert\u00e9 en Ukraine. Joseph est mort en aidant \u00e0 r\u00e9cup\u00e9rer des bless\u00e9s pr\u00e8s de la ville ukrainienne de&#8230;<\/p>\n","protected":false},"author":3,"featured_media":1960,"comment_status":"closed","ping_status":"closed","sticky":false,"template":"","format":"standard","meta":{"_acf_changed":false,"wds_primary_category":99,"footnotes":""},"categories":[99],"tags":[],"senator_posts":[34],"class_list":["post-12573","post","type-post","status-publish","format-standard","has-post-thumbnail","hentry","category-declarations","senator_posts-l-hon-marty-klyne"],"acf":[],"_links":{"self":[{"href":"https:\/\/theprogressives.ca\/fr\/wp-json\/wp\/v2\/posts\/12573","targetHints":{"allow":["GET"]}}],"collection":[{"href":"https:\/\/theprogressives.ca\/fr\/wp-json\/wp\/v2\/posts"}],"about":[{"href":"https:\/\/theprogressives.ca\/fr\/wp-json\/wp\/v2\/types\/post"}],"author":[{"embeddable":true,"href":"https:\/\/theprogressives.ca\/fr\/wp-json\/wp\/v2\/users\/3"}],"replies":[{"embeddable":true,"href":"https:\/\/theprogressives.ca\/fr\/wp-json\/wp\/v2\/comments?post=12573"}],"version-history":[{"count":0,"href":"https:\/\/theprogressives.ca\/fr\/wp-json\/wp\/v2\/posts\/12573\/revisions"}],"wp:featuredmedia":[{"embeddable":true,"href":"https:\/\/theprogressives.ca\/fr\/wp-json\/wp\/v2\/media\/1960"}],"wp:attachment":[{"href":"https:\/\/theprogressives.ca\/fr\/wp-json\/wp\/v2\/media?parent=12573"}],"wp:term":[{"taxonomy":"category","embeddable":true,"href":"https:\/\/theprogressives.ca\/fr\/wp-json\/wp\/v2\/categories?post=12573"},{"taxonomy":"post_tag","embeddable":true,"href":"https:\/\/theprogressives.ca\/fr\/wp-json\/wp\/v2\/tags?post=12573"},{"taxonomy":"senator_posts","embeddable":true,"href":"https:\/\/theprogressives.ca\/fr\/wp-json\/wp\/v2\/senator_posts?post=12573"}],"curies":[{"name":"wp","href":"https:\/\/api.w.org\/{rel}","templated":true}]}}