{"id":12491,"date":"2022-10-27T12:53:43","date_gmt":"2022-10-27T16:53:43","guid":{"rendered":"https:\/\/theprogressives.ca\/?p=12491"},"modified":"2024-01-30T11:48:06","modified_gmt":"2024-01-30T16:48:06","slug":"periode-des-questions-ministerielle-la-securite-des-femmes-et-des-filles-autochtones","status":"publish","type":"post","link":"https:\/\/theprogressives.ca\/fr\/au-senat\/periode-de-questions\/periode-des-questions-ministerielle-la-securite-des-femmes-et-des-filles-autochtones\/","title":{"rendered":"P\u00e9riode des questions minist\u00e9rielle : La s\u00e9curit\u00e9 des femmes et des filles autochtones"},"content":{"rendered":"<p><iframe title=\"La s\u00e9natrice Audette interroge le min Alghabra sur la s\u00e9curit\u00e9 des femmes et des filles autochtones\" width=\"640\" height=\"360\" data-src=\"https:\/\/www.youtube.com\/embed\/P2LiqYWFE8U?feature=oembed\" frameborder=\"0\" allow=\"accelerometer; autoplay; clipboard-write; encrypted-media; gyroscope; picture-in-picture; web-share\" allowfullscreen src=\"data:image\/svg+xml;base64,PHN2ZyB3aWR0aD0iMSIgaGVpZ2h0PSIxIiB4bWxucz0iaHR0cDovL3d3dy53My5vcmcvMjAwMC9zdmciPjwvc3ZnPg==\" class=\"lazyload\" data-load-mode=\"1\"><\/iframe><\/p>\n<p><b>L\u2019honorable Mich\u00e8le Audette :\u00a0<\/b><i>Kwei<\/i>, monsieur le ministre.<\/p>\n[<i>Note de la r\u00e9daction\u00a0:\u00a0<\/i><i>La s\u00e9natrice\u00a0<\/i><i>Audette s\u2019exprime en innu<\/i>.]\n<p>Monsieur le ministre, en\u00a0juin\u00a0dernier, le Comit\u00e9 s\u00e9natorial permanent des peuples autochtones a rendu public son rapport intitul\u00e9\u00a0<i>Il faut agir pour les FFADA\u00a0: Ce n\u2019est pas juste l\u2019intention qui compte<\/i>.<\/p>\n<p>Je rappelle aussi que votre gouvernement a command\u00e9 ou ordonn\u00e9 une Enqu\u00eate nationale sur les femmes et les filles autochtones disparues et assassin\u00e9es. Dans le rapport final de cette enqu\u00eate, il y a des appels \u00e0 la justice qui vous concernent, vous et votre minist\u00e8re.<\/p>\n<p>J\u2019aimerais vous poser une question sur l\u2019\u00e9tablissement de services et d\u2019infrastructures de \u00ab [\u2026] transport en commun s\u00e9curitaires et abordables destin\u00e9s aux femmes, aux filles [\u2026] autochtones vivant dans des communaut\u00e9s \u00e9loign\u00e9es ou rurales. \u00bb. Je fais ici r\u00e9f\u00e9rence \u00e0 l\u2019appel \u00e0 la justice n<sup>o<\/sup>\u00a04.8.<\/p>\n<p>Monsieur le ministre, quelles sont les actions concr\u00e8tes qui ont \u00e9t\u00e9 mises de l\u2019avant pour r\u00e9pondre \u00e0 cet appel \u00e0 la justice, surtout pour accro\u00eetre la s\u00e9curit\u00e9 des femmes et des filles autochtones?<\/p>\n<p><b>L\u2019honorable Omar Alghabra, c.p., d\u00e9put\u00e9, ministre des Transports :\u00a0<\/b>Je vous remercie, s\u00e9natrice, de votre question. Notre gouvernement s\u2019est fermement engag\u00e9 \u00e0 respecter le plan d\u2019action de la Commission de v\u00e9rit\u00e9 et r\u00e9conciliation et ses recommandations, auxquels nous donnons suite.<\/p>\n<p>Permettez-moi de r\u00e9pondre pr\u00e9cis\u00e9ment \u00e0 votre question.<\/p>\n<p>Transports Canada a pris les mesures suivantes\u00a0\u2014 soit dit en passant, je si\u00e8ge \u00e0 la table o\u00f9 nous invitons r\u00e9guli\u00e8rement des ministres et des dirigeants autochtones pour discuter de dossiers importants, notamment des enjeux li\u00e9s au transport qui rel\u00e8vent de la comp\u00e9tence f\u00e9d\u00e9rale. Nous collaborons pour trouver des solutions en mati\u00e8re de transport maritime, a\u00e9rien et terrestre. Pendant la pand\u00e9mie, notre gouvernement a vers\u00e9 de l\u2019aide financi\u00e8re pour permettre \u00e0 de nombreuses communaut\u00e9s d\u2019avoir acc\u00e8s \u00e0 des services a\u00e9riens en r\u00e9gion \u00e9loign\u00e9e, ce qui n\u2019aurait pas \u00e9t\u00e9 le cas autrement.<\/p>\n<p>J\u2019ai \u00e9crit \u00e0 mes homologues provinciaux au sujet des services d\u2019autobus interurbains. Malheureusement, je n\u2019ai re\u00e7u aucune r\u00e9ponse. Nous savons que les services de transport par autobus sont essentiels. Comme vous le savez, le service d\u2019autobus interurbain rel\u00e8ve de la comp\u00e9tence des provinces, mais nous sommes toujours dispos\u00e9s \u00e0 collaborer avec ces derni\u00e8res pour trouver des solutions afin de combler cette lacune, et nous continuerons \u00e0 collaborer avec nos homologues provinciaux pour trouver des solutions.<\/p>\n<p>&nbsp;<\/p>\n","protected":false},"excerpt":{"rendered":"<p>L\u2019honorable Mich\u00e8le Audette :\u00a0Kwei, monsieur le ministre. [Note de la r\u00e9daction\u00a0:\u00a0La s\u00e9natrice\u00a0Audette s\u2019exprime en innu.] Monsieur le ministre, en\u00a0juin\u00a0dernier, le Comit\u00e9 s\u00e9natorial permanent des peuples autochtones a rendu public son rapport intitul\u00e9\u00a0Il faut agir pour les FFADA\u00a0: Ce n\u2019est pas juste l\u2019intention qui compte. Je rappelle aussi que votre gouvernement a command\u00e9 ou ordonn\u00e9 une&#8230;<\/p>\n","protected":false},"author":3,"featured_media":1912,"comment_status":"closed","ping_status":"closed","sticky":false,"template":"","format":"standard","meta":{"_acf_changed":false,"wds_primary_category":97,"footnotes":""},"categories":[97],"tags":[],"senator_posts":[172],"class_list":["post-12491","post","type-post","status-publish","format-standard","has-post-thumbnail","hentry","category-periode-de-questions","senator_posts-l-hon-michele-audette"],"acf":[],"_links":{"self":[{"href":"https:\/\/theprogressives.ca\/fr\/wp-json\/wp\/v2\/posts\/12491","targetHints":{"allow":["GET"]}}],"collection":[{"href":"https:\/\/theprogressives.ca\/fr\/wp-json\/wp\/v2\/posts"}],"about":[{"href":"https:\/\/theprogressives.ca\/fr\/wp-json\/wp\/v2\/types\/post"}],"author":[{"embeddable":true,"href":"https:\/\/theprogressives.ca\/fr\/wp-json\/wp\/v2\/users\/3"}],"replies":[{"embeddable":true,"href":"https:\/\/theprogressives.ca\/fr\/wp-json\/wp\/v2\/comments?post=12491"}],"version-history":[{"count":0,"href":"https:\/\/theprogressives.ca\/fr\/wp-json\/wp\/v2\/posts\/12491\/revisions"}],"wp:featuredmedia":[{"embeddable":true,"href":"https:\/\/theprogressives.ca\/fr\/wp-json\/wp\/v2\/media\/1912"}],"wp:attachment":[{"href":"https:\/\/theprogressives.ca\/fr\/wp-json\/wp\/v2\/media?parent=12491"}],"wp:term":[{"taxonomy":"category","embeddable":true,"href":"https:\/\/theprogressives.ca\/fr\/wp-json\/wp\/v2\/categories?post=12491"},{"taxonomy":"post_tag","embeddable":true,"href":"https:\/\/theprogressives.ca\/fr\/wp-json\/wp\/v2\/tags?post=12491"},{"taxonomy":"senator_posts","embeddable":true,"href":"https:\/\/theprogressives.ca\/fr\/wp-json\/wp\/v2\/senator_posts?post=12491"}],"curies":[{"name":"wp","href":"https:\/\/api.w.org\/{rel}","templated":true}]}}