{"id":12219,"date":"2022-09-22T08:52:57","date_gmt":"2022-09-22T12:52:57","guid":{"rendered":"https:\/\/theprogressives.ca\/?p=12219"},"modified":"2022-09-23T08:56:31","modified_gmt":"2022-09-23T12:56:31","slug":"le-deces-de-gustavo-da-roza","status":"publish","type":"post","link":"https:\/\/theprogressives.ca\/fr\/au-senat\/declarations\/le-deces-de-gustavo-da-roza\/","title":{"rendered":"Le d\u00e9c\u00e8s de Gustavo da Roza"},"content":{"rendered":"<p><iframe title=\"La s\u00e9natrice Bovey rend hommage \u00e0 Gustavo da Roza - 22 septembre 2022 (source fran\u00e7aise)\" width=\"640\" height=\"360\" data-src=\"https:\/\/www.youtube.com\/embed\/lhWmtxVSBqQ?feature=oembed\" frameborder=\"0\" allow=\"accelerometer; autoplay; clipboard-write; encrypted-media; gyroscope; picture-in-picture\" allowfullscreen src=\"data:image\/svg+xml;base64,PHN2ZyB3aWR0aD0iMSIgaGVpZ2h0PSIxIiB4bWxucz0iaHR0cDovL3d3dy53My5vcmcvMjAwMC9zdmciPjwvc3ZnPg==\" class=\"lazyload\" data-load-mode=\"1\"><\/iframe><\/p>\n<p><b>L\u2019honorable Patricia Bovey :\u00a0<\/b>Honorables s\u00e9nateurs, c\u2019est avec un grand plaisir que je rends hommage aujourd\u2019hui \u00e0 Gustavo da Roza, architecte de renomm\u00e9e internationale, ami, professeur et, pendant plusieurs ann\u00e9es, consul honoraire du Portugal. Gus est d\u00e9c\u00e9d\u00e9 en\u00a0avril\u00a0dernier \u00e0 Surrey, en Colombie-Britannique, \u00e0 l\u2019\u00e2ge de 89\u00a0ans. N\u00e9 \u00e0 Hong Kong, il a \u00e9tudi\u00e9 aux \u00c9tats-Unis et s\u2019est install\u00e9 \u00e0 Winnipeg en 1960.<\/p>\n<p>J\u2019ai rencontr\u00e9 Gus en 1970, pendant la construction du Mus\u00e9e des beaux-arts de Winnipeg\u00a0: il \u00e9tait l\u2019architecte de cet \u00e9difice triangulaire prestigieux sis sur le boulevard Memorial de Winnipeg et, \u00e0 titre de conservatrice du mus\u00e9e, je devais v\u00e9rifier chaque jour l\u2019avancement des travaux. Da Roza, alors jeune professeur d\u2019architecture \u00e0 l\u2019Universit\u00e9 du Manitoba, avait \u00e9t\u00e9 inspir\u00e9 par le concours et avait dessin\u00e9 son premier croquis du mus\u00e9e au verso d\u2019une enveloppe. L\u2019emplacement \u00e9tait triangulaire, et il tenait \u00e0 en utiliser chaque parcelle. Bon nombre d\u2019entre vous ont d\u00e9j\u00e0 visit\u00e9 cet \u00e9difice de calcaire aux lignes \u00e9pur\u00e9es, avec ses fossiles incrust\u00e9s caract\u00e9ristiques.<\/p>\n<p>Le mus\u00e9e a \u00e9t\u00e9 ouvert par la princesse Margaret le 25\u00a0septembre\u00a01971 m\u00eame si la construction n\u2019\u00e9tait pas encore termin\u00e9e. Les travaux avaient \u00e9t\u00e9 retard\u00e9s par une gr\u00e8ve, mais nous avions install\u00e9 des parties de la collection. Une sonnerie de trompette sp\u00e9cialement compos\u00e9e par Sonia Eckhardt-Gramatt\u00e9, \u00e9pouse du directeur, a \u00e9t\u00e9 jou\u00e9e \u00e0 partir du toit du garage de la Baie d\u2019Hudson, de l\u2019autre c\u00f4t\u00e9 de la rue. \u00c0 un certain moment, un agent de la GRC a parcouru l\u2019exposition \u00e0 toute vitesse en demandant si quelqu\u2019un avait vu lord Snowdon. Il avait disparu. Je l\u2019avais vu\u00a0: Gus et lui s\u2019\u00e9taient rendus \u00e0 la pointe avant de l\u2019\u00e9difice. Lord Snowdon, qui \u00e9tait lui-m\u00eame concepteur, se demandait comment Gus avait utilis\u00e9 les trois pointes de l\u2019\u00e9difice\u00a0: il y avait plac\u00e9 des sorties de secours.<\/p>\n<p>Ses espaces, qui ont bien servi le public et les artistes manitobains, sont des endroits merveilleux pour la pr\u00e9sentation d\u2019\u0153uvres d\u2019art. Son style a bien vieilli. Lorsque j\u2019y suis revenue en tant que directrice en 1999, les syst\u00e8mes de conditionnement de l\u2019air, la voute et l\u2019auditorium Muriel Richardson devaient \u00eatre modernis\u00e9s. Comme j\u2019avais assist\u00e9 chaque jour \u00e0 la construction de l\u2019\u00e9difice, j\u2019en connaissais les principes, mais l\u2019aide de Gus \u00e9tait n\u00e9cessaire.<\/p>\n<p>Nous sommes rest\u00e9s en contact au fil des\u00a0ans, en Colombie-Britannique et au Manitoba. J\u2019admirais sa vision et sa compr\u00e9hension de ce qu\u2019\u00e9tait un mus\u00e9e. Il a particip\u00e9 aux r\u00e9novations qui ont eu lieu au d\u00e9but des ann\u00e9es 2000, et aussi aux modifications apport\u00e9es \u00e0 la boutique et \u00e0 l\u2019ajout du pavillon Qaumajuq, le centre d\u2019art inuit, qui a ouvert l\u2019an dernier.<\/p>\n<p>Gus a con\u00e7u de nombreux \u00e9difices \u00e0 l\u2019\u00e9tranger, y compris \u00e0 Dubai, ainsi que quelques maisons \u00e0 Winnipeg qui, tout comme le Mus\u00e9e des beaux-arts de Winnipeg, sont embl\u00e9matiques et soign\u00e9es sur le plan conceptuel et fonctionnel.<\/p>\n<p>Son amour de la vie, sa cr\u00e9ativit\u00e9 sans pareil, son souci du d\u00e9tail, son sens de l\u2019humour, son esprit et son amiti\u00e9 sinc\u00e8re sont inspirants et ont \u00e9t\u00e9 pour moi un cadeau pendant plus de 50\u00a0ans. Merci, Gus.<\/p>\n<p>J\u2019offre mes condol\u00e9ances \u00e0 son \u00e9pouse, Gloria, \u00e0 ses enfants et \u00e0 ses petits-enfants.<\/p>\n","protected":false},"excerpt":{"rendered":"<p>L\u2019honorable Patricia Bovey :\u00a0Honorables s\u00e9nateurs, c\u2019est avec un grand plaisir que je rends hommage aujourd\u2019hui \u00e0 Gustavo da Roza, architecte de renomm\u00e9e internationale, ami, professeur et, pendant plusieurs ann\u00e9es, consul honoraire du Portugal. Gus est d\u00e9c\u00e9d\u00e9 en\u00a0avril\u00a0dernier \u00e0 Surrey, en Colombie-Britannique, \u00e0 l\u2019\u00e2ge de 89\u00a0ans. N\u00e9 \u00e0 Hong Kong, il a \u00e9tudi\u00e9 aux \u00c9tats-Unis et&#8230;<\/p>\n","protected":false},"author":3,"featured_media":1934,"comment_status":"closed","ping_status":"closed","sticky":false,"template":"","format":"standard","meta":{"_acf_changed":false,"wds_primary_category":99,"footnotes":""},"categories":[99],"tags":[],"senator_posts":[35],"class_list":["post-12219","post","type-post","status-publish","format-standard","has-post-thumbnail","hentry","category-declarations","senator_posts-l-hon-patricia-bovey"],"acf":[],"_links":{"self":[{"href":"https:\/\/theprogressives.ca\/fr\/wp-json\/wp\/v2\/posts\/12219","targetHints":{"allow":["GET"]}}],"collection":[{"href":"https:\/\/theprogressives.ca\/fr\/wp-json\/wp\/v2\/posts"}],"about":[{"href":"https:\/\/theprogressives.ca\/fr\/wp-json\/wp\/v2\/types\/post"}],"author":[{"embeddable":true,"href":"https:\/\/theprogressives.ca\/fr\/wp-json\/wp\/v2\/users\/3"}],"replies":[{"embeddable":true,"href":"https:\/\/theprogressives.ca\/fr\/wp-json\/wp\/v2\/comments?post=12219"}],"version-history":[{"count":0,"href":"https:\/\/theprogressives.ca\/fr\/wp-json\/wp\/v2\/posts\/12219\/revisions"}],"wp:featuredmedia":[{"embeddable":true,"href":"https:\/\/theprogressives.ca\/fr\/wp-json\/wp\/v2\/media\/1934"}],"wp:attachment":[{"href":"https:\/\/theprogressives.ca\/fr\/wp-json\/wp\/v2\/media?parent=12219"}],"wp:term":[{"taxonomy":"category","embeddable":true,"href":"https:\/\/theprogressives.ca\/fr\/wp-json\/wp\/v2\/categories?post=12219"},{"taxonomy":"post_tag","embeddable":true,"href":"https:\/\/theprogressives.ca\/fr\/wp-json\/wp\/v2\/tags?post=12219"},{"taxonomy":"senator_posts","embeddable":true,"href":"https:\/\/theprogressives.ca\/fr\/wp-json\/wp\/v2\/senator_posts?post=12219"}],"curies":[{"name":"wp","href":"https:\/\/api.w.org\/{rel}","templated":true}]}}