{"id":12198,"date":"2022-09-21T09:19:30","date_gmt":"2022-09-21T13:19:30","guid":{"rendered":"https:\/\/theprogressives.ca\/?p=12198"},"modified":"2022-09-22T09:20:31","modified_gmt":"2022-09-22T13:20:31","slug":"hommage-aux-victimes-de-la-tragedie-dans-la-nation-crie-james-smith-et-a-weldon-en-saskatchewan","status":"publish","type":"post","link":"https:\/\/theprogressives.ca\/fr\/au-senat\/declarations\/hommage-aux-victimes-de-la-tragedie-dans-la-nation-crie-james-smith-et-a-weldon-en-saskatchewan\/","title":{"rendered":"Hommage aux victimes de la trag\u00e9die dans la nation crie James Smith et \u00e0 Weldon, en Saskatchewan"},"content":{"rendered":"<p><iframe title=\"Le s\u00e9nateur Klyne rend hommage aux victimes en Saskatchewan - 21 septembre 2022 (source fran\u00e7aise)\" width=\"640\" height=\"360\" data-src=\"https:\/\/www.youtube.com\/embed\/WtBqpe9Um2M?feature=oembed\" frameborder=\"0\" allow=\"accelerometer; autoplay; clipboard-write; encrypted-media; gyroscope; picture-in-picture\" allowfullscreen src=\"data:image\/svg+xml;base64,PHN2ZyB3aWR0aD0iMSIgaGVpZ2h0PSIxIiB4bWxucz0iaHR0cDovL3d3dy53My5vcmcvMjAwMC9zdmciPjwvc3ZnPg==\" class=\"lazyload\" data-load-mode=\"1\"><\/iframe><\/p>\n<p><b>L\u2019honorable Marty Klyne :\u00a0<\/b>Honorables s\u00e9nateurs, je prends la parole en tant que s\u00e9nateur de la Saskatchewan et je le fais le c\u0153ur gros en cette p\u00e9riode de deuil et de gu\u00e9rison qui suit les \u00e9v\u00e9nements du 4\u00a0septembre\u00a0\u00e0 la nation crie de James Smith et au village de Weldon, en Saskatchewan.<\/p>\n<p>Comme les gens du monde entier le savent, une s\u00e9rie de meurtres \u00e0 l\u2019arme blanche a eu lieu, dont le bilan est de 10 morts et 18 bless\u00e9s, dont un jeune adolescent, en plus du d\u00e9c\u00e8s des deux suspects. C\u2019est l\u2019une des pires tueries de l\u2019histoire du Canada.<\/p>\n<p>Dans la foul\u00e9e de cette manifestation de violence, nous nous souvenons des victimes et nous soutenons les personnes et les communaut\u00e9s touch\u00e9es. Nous nous souvenons des vies perdues\u00a0: Bonnie Goodvoice-Burns, 48\u00a0ans; Gregory \u00ab Jonesy \u00bb Burns, 28\u00a0ans; Lydia Gloria Burns, 61\u00a0ans; Earl Burns, 66\u00a0ans; Lana Head, 49\u00a0ans; Robert Sanderson, 49\u00a0ans; Thomas Burns, 23\u00a0ans seulement; Carol Burns, 46\u00a0ans; Christian Head, 54\u00a0ans; et Wesley Petterson, 78\u00a0ans.<\/p>\n<p>S\u00e9nateurs, nous nous souvenons d\u2019eux tous et pensons \u00e0 leurs proches, ainsi qu\u2019aux bless\u00e9s, en leur souhaitant un r\u00e9tablissement rapide et complet.<\/p>\n<p>Ces communaut\u00e9s sont r\u00e9silientes et elles se serreront les coudes et trouveront collectivement la force de surmonter ce traumatisme.<\/p>\n<p>Les dirigeants et les citoyens se demanderont \u00e9galement\u00a0: \u00ab Quelles le\u00e7ons avons-nous tir\u00e9es de cette trag\u00e9die et comment pouvons-nous pr\u00e9venir de tels \u00e9v\u00e9nements? \u00bb<\/p>\n<p>Dans une d\u00e9claration, le chef Bobby Cameron de la Federation of Sovereign Indigenous Nations a d\u00e9clar\u00e9\u00a0:<\/p>\n<p style=\"padding-left: 40px;\">C\u2019est la destruction \u00e0 laquelle nous devons faire face lorsque des drogues ill\u00e9gales envahissent nos communaut\u00e9s, et nous demandons que toutes les autorit\u00e9s \u00e9coutent les chefs, les conseils et leurs membres pour cr\u00e9er des communaut\u00e9s plus s\u00e9curitaires pour nos gens.<\/p>\n<p>Le chef de la nation crie de James Smith, Wally Burns, demande d\u2019avoir les moyens de financer des centres de traitement de la toxicomanie dans les r\u00e9serves. Un autre appel \u00e0 l\u2019aide vise les services policiers autochtones.<\/p>\n<p>Dans le cas qui nous occupe, la GRC est intervenue rapidement et deux agents du d\u00e9tachement de Melfort, situ\u00e9 \u00e0 45 kilom\u00e8tres, sont arriv\u00e9s 38 minutes apr\u00e8s l\u2019appel. Cependant, nous pouvons faire mieux que cela.<\/p>\n<p>Nous devons tous appuyer le travail de collaboration qui est en cours pour \u00e9tablir plus de programmes de services policiers autochtones, avec l\u2019objectif bien d\u00e9fini de mettre au point des services de police sp\u00e9cialis\u00e9s dans les communaut\u00e9s autochtones pour qu\u2019on puisse y b\u00e9n\u00e9ficier des m\u00eames droits \u00e0 la s\u00e9curit\u00e9 personnelle et \u00e0 la s\u00e9curit\u00e9 publique, peu importe o\u00f9 se retrouvent les communaut\u00e9s.<\/p>\n<p>Ainsi, nous pouvons faire en sorte que les services de police communautaires connaissent les gens du coin, comprennent leurs besoins et s\u2019engagent \u00e0 assurer un service \u00e0 long terme.<\/p>\n<p>Chers coll\u00e8gues, il y aura d\u2019autres occasions \u00e0 l\u2019avenir pour une r\u00e9flexion plus approfondie. Pour le moment, nous offrons nos pri\u00e8res et nos plus sinc\u00e8res condol\u00e9ances. Merci.\u00a0<i>Hiy Kitatam\u00eehin<\/i>.<\/p>\n","protected":false},"excerpt":{"rendered":"<p>L\u2019honorable Marty Klyne :\u00a0Honorables s\u00e9nateurs, je prends la parole en tant que s\u00e9nateur de la Saskatchewan et je le fais le c\u0153ur gros en cette p\u00e9riode de deuil et de gu\u00e9rison qui suit les \u00e9v\u00e9nements du 4\u00a0septembre\u00a0\u00e0 la nation crie de James Smith et au village de Weldon, en Saskatchewan. Comme les gens du monde&#8230;<\/p>\n","protected":false},"author":3,"featured_media":1916,"comment_status":"closed","ping_status":"closed","sticky":false,"template":"","format":"standard","meta":{"_acf_changed":false,"wds_primary_category":99,"footnotes":""},"categories":[99],"tags":[],"senator_posts":[34],"class_list":["post-12198","post","type-post","status-publish","format-standard","has-post-thumbnail","hentry","category-declarations","senator_posts-l-hon-marty-klyne"],"acf":[],"_links":{"self":[{"href":"https:\/\/theprogressives.ca\/fr\/wp-json\/wp\/v2\/posts\/12198","targetHints":{"allow":["GET"]}}],"collection":[{"href":"https:\/\/theprogressives.ca\/fr\/wp-json\/wp\/v2\/posts"}],"about":[{"href":"https:\/\/theprogressives.ca\/fr\/wp-json\/wp\/v2\/types\/post"}],"author":[{"embeddable":true,"href":"https:\/\/theprogressives.ca\/fr\/wp-json\/wp\/v2\/users\/3"}],"replies":[{"embeddable":true,"href":"https:\/\/theprogressives.ca\/fr\/wp-json\/wp\/v2\/comments?post=12198"}],"version-history":[{"count":0,"href":"https:\/\/theprogressives.ca\/fr\/wp-json\/wp\/v2\/posts\/12198\/revisions"}],"wp:featuredmedia":[{"embeddable":true,"href":"https:\/\/theprogressives.ca\/fr\/wp-json\/wp\/v2\/media\/1916"}],"wp:attachment":[{"href":"https:\/\/theprogressives.ca\/fr\/wp-json\/wp\/v2\/media?parent=12198"}],"wp:term":[{"taxonomy":"category","embeddable":true,"href":"https:\/\/theprogressives.ca\/fr\/wp-json\/wp\/v2\/categories?post=12198"},{"taxonomy":"post_tag","embeddable":true,"href":"https:\/\/theprogressives.ca\/fr\/wp-json\/wp\/v2\/tags?post=12198"},{"taxonomy":"senator_posts","embeddable":true,"href":"https:\/\/theprogressives.ca\/fr\/wp-json\/wp\/v2\/senator_posts?post=12198"}],"curies":[{"name":"wp","href":"https:\/\/api.w.org\/{rel}","templated":true}]}}